{"id":1322,"global_id":"canalagrariolapalma.com\/aula?id=1322","global_id_lineage":["canalagrariolapalma.com\/aula?id=1322"],"author":"3","status":"publish","date":"2024-08-29 13:55:15","date_utc":"2024-08-29 13:55:15","modified":"2024-08-29 13:55:15","modified_utc":"2024-08-29 13:55:15","url":"https:\/\/canalagrariolapalma.com\/aula\/curso\/curso-cultivo-ecologico-del-cafe-16-y-17-octubre-san-andres-y-sauces\/","rest_url":"https:\/\/canalagrariolapalma.com\/aula\/wp-json\/tribe\/events\/v1\/events\/1322","title":"Curso \u00abCultivo ecol\u00f3gico del caf\u00e9\u00bb | 16 y 17 octubre San Andr\u00e9s y Sauces","description":"<p>La Fundaci\u00f3n Canaria Centro Internacional de Agricultura Biol\u00f3gica (CIAB) organiza el curso especializados en \u00abCultivo ecol\u00f3gico del caf\u00e9\u00bb. Este curso est\u00e1 dise\u00f1ado para proporcionar a los participantes un conocimiento profundo y pr\u00e1ctico sobre las t\u00e9cnicas y pr\u00e1cticas de cultivo sostenible del caf\u00e9, un cultivo de gran relevancia en la agricultura canaria.<\/p>\n<p>Se llevar\u00e1n a cabo\u00a0el <strong>16 y 17 de octubre de 2024 en La Casa del Quinto, ubicada en <a href=\"https:\/\/form.jotform.com\/242284387376366\" target=\"_blank\" rel=\"noopener\">San Andr\u00e9s y Sauces<\/a><\/strong> y se desarrollar\u00e1 en un horario de 16:00 a 19:30 horas.<\/p>\n<p><b>Programa:<\/b><\/p>\n<ul>\n<li>Generalidades del caf\u00e9.<\/li>\n<li>Manejo del cultivo en ecol\u00f3gico.<\/li>\n<li>Caf\u00e9 en La Palma.<\/li>\n<li>Manejo ecol\u00f3gico del suelo.<\/li>\n<li>Visita a explotaci\u00f3n de caf\u00e9.<\/li>\n<\/ul>\n<p>Se trata de una formaci\u00f3n gratuita con <strong>plazas limitadas,<\/strong> por lo que ser\u00e1 necesaria la inscripci\u00f3n previa a trav\u00e9s del siguiente enlace <strong><a href=\"https:\/\/bit.ly\/cursocafe2024\" target=\"_blank\" rel=\"noopener\"><span style=\"color: #467885;\"><u>https:\/\/bit.ly\/cursocafe2024<\/u><\/span><\/a><\/strong><\/p>","excerpt":"<p>Dise\u00f1ado para proporcionar a los participantes un conocimiento profundo y pr\u00e1ctico sobre las t\u00e9cnicas y pr\u00e1cticas de cultivo sostenible del caf\u00e9<\/p>","slug":"curso-cultivo-ecologico-del-cafe-16-y-17-octubre-san-andres-y-sauces","image":{"url":"https:\/\/canalagrariolapalma.com\/aula\/wp-content\/uploads\/2024\/08\/cultivo-cafe.jpg","id":1320,"extension":"jpg","width":1400,"height":2379,"filesize":460616,"sizes":{"medium":{"width":177,"height":300,"mime-type":"image\/jpeg","filesize":12969,"url":"https:\/\/canalagrariolapalma.com\/aula\/wp-content\/uploads\/2024\/08\/cultivo-cafe-177x300.jpg"},"large":{"width":603,"height":1024,"mime-type":"image\/jpeg","filesize":92932,"url":"https:\/\/canalagrariolapalma.com\/aula\/wp-content\/uploads\/2024\/08\/cultivo-cafe-603x1024.jpg"},"thumbnail":{"width":150,"height":150,"mime-type":"image\/jpeg","filesize":6853,"url":"https:\/\/canalagrariolapalma.com\/aula\/wp-content\/uploads\/2024\/08\/cultivo-cafe-150x150.jpg"},"medium_large":{"width":768,"height":1305,"mime-type":"image\/jpeg","filesize":135140,"url":"https:\/\/canalagrariolapalma.com\/aula\/wp-content\/uploads\/2024\/08\/cultivo-cafe-768x1305.jpg"},"1536x1536":{"width":904,"height":1536,"mime-type":"image\/jpeg","filesize":172589,"url":"https:\/\/canalagrariolapalma.com\/aula\/wp-content\/uploads\/2024\/08\/cultivo-cafe-904x1536.jpg"},"2048x2048":{"width":1205,"height":2048,"mime-type":"image\/jpeg","filesize":263925,"url":"https:\/\/canalagrariolapalma.com\/aula\/wp-content\/uploads\/2024\/08\/cultivo-cafe-1205x2048.jpg"},"portfolio-square":{"width":570,"height":570,"mime-type":"image\/jpeg","filesize":56803,"url":"https:\/\/canalagrariolapalma.com\/aula\/wp-content\/uploads\/2024\/08\/cultivo-cafe-570x570.jpg"},"portfolio-portrait":{"width":600,"height":800,"mime-type":"image\/jpeg","filesize":80477,"url":"https:\/\/canalagrariolapalma.com\/aula\/wp-content\/uploads\/2024\/08\/cultivo-cafe-600x800.jpg"},"portfolio-landscape":{"width":800,"height":600,"mime-type":"image\/jpeg","filesize":73948,"url":"https:\/\/canalagrariolapalma.com\/aula\/wp-content\/uploads\/2024\/08\/cultivo-cafe-800x600.jpg"},"menu-featured-post":{"width":345,"height":198,"mime-type":"image\/jpeg","filesize":16065,"url":"https:\/\/canalagrariolapalma.com\/aula\/wp-content\/uploads\/2024\/08\/cultivo-cafe-345x198.jpg"},"qode-carousel_slider":{"width":400,"height":260,"mime-type":"image\/jpeg","filesize":22381,"url":"https:\/\/canalagrariolapalma.com\/aula\/wp-content\/uploads\/2024\/08\/cultivo-cafe-400x260.jpg"},"portfolio_slider":{"width":500,"height":380,"mime-type":"image\/jpeg","filesize":35096,"url":"https:\/\/canalagrariolapalma.com\/aula\/wp-content\/uploads\/2024\/08\/cultivo-cafe-500x380.jpg"},"portfolio_masonry_regular":{"width":500,"height":500,"mime-type":"image\/jpeg","filesize":47153,"url":"https:\/\/canalagrariolapalma.com\/aula\/wp-content\/uploads\/2024\/08\/cultivo-cafe-500x500.jpg"},"portfolio_masonry_wide":{"width":1000,"height":500,"mime-type":"image\/jpeg","filesize":79648,"url":"https:\/\/canalagrariolapalma.com\/aula\/wp-content\/uploads\/2024\/08\/cultivo-cafe-1000x500.jpg"},"portfolio_masonry_tall":{"width":500,"height":1000,"mime-type":"image\/jpeg","filesize":86398,"url":"https:\/\/canalagrariolapalma.com\/aula\/wp-content\/uploads\/2024\/08\/cultivo-cafe-500x1000.jpg"},"portfolio_masonry_large":{"width":1000,"height":1000,"mime-type":"image\/jpeg","filesize":136205,"url":"https:\/\/canalagrariolapalma.com\/aula\/wp-content\/uploads\/2024\/08\/cultivo-cafe-1000x1000.jpg"},"portfolio_masonry_with_space":{"width":700,"height":1190,"mime-type":"image\/jpeg","filesize":119481,"url":"https:\/\/canalagrariolapalma.com\/aula\/wp-content\/uploads\/2024\/08\/cultivo-cafe-700x1190.jpg"},"latest_post_boxes":{"width":539,"height":303,"mime-type":"image\/jpeg","filesize":32533,"url":"https:\/\/canalagrariolapalma.com\/aula\/wp-content\/uploads\/2024\/08\/cultivo-cafe-539x303.jpg"}}},"all_day":false,"start_date":"2024-10-16 16:00:00","start_date_details":{"year":"2024","month":"10","day":"16","hour":"16","minutes":"00","seconds":"00"},"end_date":"2024-10-17 19:30:00","end_date_details":{"year":"2024","month":"10","day":"17","hour":"19","minutes":"30","seconds":"00"},"utc_start_date":"2024-10-16 16:00:00","utc_start_date_details":{"year":"2024","month":"10","day":"16","hour":"16","minutes":"00","seconds":"00"},"utc_end_date":"2024-10-17 19:30:00","utc_end_date_details":{"year":"2024","month":"10","day":"17","hour":"19","minutes":"30","seconds":"00"},"timezone":"UTC+0","timezone_abbr":"UTC+0","cost":"","cost_details":{"currency_symbol":"$","currency_code":"USD","currency_position":"prefix","values":[]},"website":"","show_map":true,"show_map_link":true,"hide_from_listings":false,"sticky":false,"featured":false,"categories":[{"name":"Aula 2024","slug":"aula-2024","term_group":0,"term_taxonomy_id":45,"taxonomy":"tribe_events_cat","description":"","parent":0,"count":22,"filter":"raw","id":45,"urls":{"self":"https:\/\/canalagrariolapalma.com\/aula\/wp-json\/tribe\/events\/v1\/categories\/45","collection":"https:\/\/canalagrariolapalma.com\/aula\/wp-json\/tribe\/events\/v1\/categories"}}],"tags":[],"venue":{"id":1041,"author":"3","status":"publish","date":"2022-06-29 12:48:55","date_utc":"2022-06-29 12:48:55","modified":"2022-06-29 12:48:55","modified_utc":"2022-06-29 12:48:55","url":"https:\/\/canalagrariolapalma.com\/aula\/local\/casa-del-quinto\/","venue":"Casa del Quinto","slug":"casa-del-quinto","address":"Calle Ram\u00f3n y Cajal, 5","city":"San Andr\u00e9s y Sauces","country":"Espa\u00f1a","province":"Santa Cruz de Tenerife","zip":"38720","stateprovince":"Santa Cruz de Tenerife","json_ld":{"@type":"Place","name":"Casa del Quinto","description":"","url":"","address":{"@type":"PostalAddress","streetAddress":"Calle Ram\u00f3n y Cajal, 5","addressLocality":"San Andr\u00e9s y Sauces","addressRegion":"Santa Cruz de Tenerife","postalCode":"38720","addressCountry":"Espa\u00f1a"},"telephone":"","sameAs":""},"show_map":true,"show_map_link":true,"global_id":"canalagrariolapalma.com\/aula?id=1041","global_id_lineage":["canalagrariolapalma.com\/aula?id=1041"]},"organizer":[{"id":1075,"author":"3","status":"publish","date":"2022-10-25 14:07:27","date_utc":"2022-10-25 14:07:27","modified":"2022-10-25 14:07:27","modified_utc":"2022-10-25 14:07:27","url":"https:\/\/canalagrariolapalma.com\/aula\/organizador\/fundacion-canaria-centro-internacional-de-agricultura-biologica-ciab\/","organizer":"Fundaci\u00f3n Canaria Centro Internacional de Agricultura Biol\u00f3gica, CIAB","slug":"fundacion-canaria-centro-internacional-de-agricultura-biologica-ciab","phone":"922 42 82 52","website":"https:\/\/www.fundacionciab.com\/","email":"info@fundacionciab.org","json_ld":{"@type":"Person","name":"Fundaci\u00f3n Canaria Centro Internacional de Agricultura Biol\u00f3gica, CIAB","description":"","url":"https:\/\/www.fundacionciab.com\/","telephone":"922 42 82 52","email":"&#105;n&#102;o&#64;fu&#110;&#100;&#97;&#99;i&#111;ncia&#98;.o&#114;g","sameAs":"https:\/\/www.fundacionciab.com\/"},"global_id":"canalagrariolapalma.com\/aula?id=1075","global_id_lineage":["canalagrariolapalma.com\/aula?id=1075"]}],"json_ld":{"@context":"http:\/\/schema.org","@type":"Event","name":"Curso \u00abCultivo ecol\u00f3gico del caf\u00e9\u00bb | 16 y 17 octubre San Andr\u00e9s y Sauces","description":"&lt;p&gt;Dise\u00f1ado para proporcionar a los participantes un conocimiento profundo y pr\u00e1ctico sobre las t\u00e9cnicas y pr\u00e1cticas de cultivo sostenible del caf\u00e9&lt;\/p&gt;\\n","image":"https:\/\/canalagrariolapalma.com\/aula\/wp-content\/uploads\/2024\/08\/cultivo-cafe.jpg","url":"https:\/\/canalagrariolapalma.com\/aula\/curso\/curso-cultivo-ecologico-del-cafe-16-y-17-octubre-san-andres-y-sauces\/","eventAttendanceMode":"https:\/\/schema.org\/OfflineEventAttendanceMode","eventStatus":"https:\/\/schema.org\/EventScheduled","startDate":"2024-10-16T16:00:00+00:00","endDate":"2024-10-17T19:30:00+00:00","location":{"@type":"Place","name":"Casa del Quinto","description":"","url":"","address":{"@type":"PostalAddress","streetAddress":"Calle Ram\u00f3n y Cajal, 5","addressLocality":"San Andr\u00e9s y Sauces","addressRegion":"Santa Cruz de Tenerife","postalCode":"38720","addressCountry":"Espa\u00f1a"},"telephone":"","sameAs":""},"organizer":{"@type":"Person","name":"Fundaci\u00f3n Canaria Centro Internacional de Agricultura Biol\u00f3gica, CIAB","description":"","url":"https:\/\/www.fundacionciab.com\/","telephone":"922 42 82 52","email":"info&#64;fun&#100;aci&#111;&#110;cia&#98;&#46;&#111;r&#103;","sameAs":"https:\/\/www.fundacionciab.com\/"},"performer":"Organization"}}