{"id":1276,"global_id":"canalagrariolapalma.com\/aula?id=1276","global_id_lineage":["canalagrariolapalma.com\/aula?id=1276"],"author":"3","status":"publish","date":"2024-07-02 09:11:31","date_utc":"2024-07-02 09:11:31","modified":"2024-07-02 09:16:15","modified_utc":"2024-07-02 09:16:15","url":"https:\/\/canalagrariolapalma.com\/aula\/curso\/jornada-biodiversidad-vegetal-como-herramienta-para-el-control-de-plagas\/","rest_url":"https:\/\/canalagrariolapalma.com\/aula\/wp-json\/tribe\/events\/v1\/events\/1276","title":"Jornada: Biodiversidad vegetal como herramienta para el control\u00a0de\u00a0plagas","description":"<p>La Fundaci\u00f3n Canaria Centro Internacional de Agricultura Biol\u00f3gica, CIAB, en colaboraci\u00f3n con el Instituto Canario de Investigaciones Agrarias, ICIA, organiza la \u00abJornada: Biodiversidad vegetal como herramienta para el control de plagas\u00bb, que tendr\u00e1 lugar el 18 de julio de 17:00 a 19:30 horas en el Museo Arqueol\u00f3gico Benahoarita (MAB) en Los Llanos de Aridane.<\/p>\n<p>CONTENIDO:<\/p>\n<p>Enemigos naturales reguladores de plagas<br \/>\nEstrategias de liberaci\u00f3n y conservaci\u00f3n<br \/>\nDise\u00f1o y gesti\u00f3n de infraestructuras ecol\u00f3gicas<br \/>\nCat\u00e1logo de especies vegetales<\/p>\n<p>PONENTES:<\/p>\n<p>Estrella M. Hern\u00e1ndez Su\u00e1rez: Investigadora de la Unidad de Protecci\u00f3n Vegetal del ICIA<br \/>\nNancy Montero G\u00f3mez: Colaboradora de investigaci\u00f3n de la Unidad de Protecci\u00f3n Vegetal\u00a0del\u00a0ICIA.<\/p>\n<p style=\"text-align: center;\"><a href=\"https:\/\/form.jotform.com\/241772668881370\" target=\"_blank\" rel=\"noopener\"><strong>INSCRIPCI\u00d3N<\/strong><\/a><\/p>\n<p>&nbsp;<\/p>\n<p><img loading=\"lazy\" decoding=\"async\" class=\"aligncenter wp-image-1278 size-large\" src=\"https:\/\/canalagrariolapalma.com\/aula\/wp-content\/uploads\/2024\/07\/biodiversidad-vegetal-725x1024.jpg\" alt=\"\" width=\"725\" height=\"1024\" srcset=\"https:\/\/canalagrariolapalma.com\/aula\/wp-content\/uploads\/2024\/07\/biodiversidad-vegetal-725x1024.jpg 725w, https:\/\/canalagrariolapalma.com\/aula\/wp-content\/uploads\/2024\/07\/biodiversidad-vegetal-212x300.jpg 212w, https:\/\/canalagrariolapalma.com\/aula\/wp-content\/uploads\/2024\/07\/biodiversidad-vegetal-768x1085.jpg 768w, https:\/\/canalagrariolapalma.com\/aula\/wp-content\/uploads\/2024\/07\/biodiversidad-vegetal-1087x1536.jpg 1087w, https:\/\/canalagrariolapalma.com\/aula\/wp-content\/uploads\/2024\/07\/biodiversidad-vegetal-700x989.jpg 700w, https:\/\/canalagrariolapalma.com\/aula\/wp-content\/uploads\/2024\/07\/biodiversidad-vegetal.jpg 1241w\" sizes=\"(max-width: 725px) 100vw, 725px\" \/><\/p>","excerpt":"<p>Organizan La Fundaci\u00f3n Canaria Centro Internacional de Agricultura Biol\u00f3gica, CIAB y el Instituto Canario de Investigaciones Agrarias, ICIA<\/p>","slug":"jornada-biodiversidad-vegetal-como-herramienta-para-el-control-de-plagas","image":{"url":"https:\/\/canalagrariolapalma.com\/aula\/wp-content\/uploads\/2024\/07\/biodiversidad-vegetal.jpg","id":1278,"extension":"jpg","width":1241,"height":1754,"filesize":775126,"sizes":{"medium":{"width":212,"height":300,"mime-type":"image\/jpeg","filesize":14779,"url":"https:\/\/canalagrariolapalma.com\/aula\/wp-content\/uploads\/2024\/07\/biodiversidad-vegetal-212x300.jpg"},"large":{"width":725,"height":1024,"mime-type":"image\/jpeg","filesize":101424,"url":"https:\/\/canalagrariolapalma.com\/aula\/wp-content\/uploads\/2024\/07\/biodiversidad-vegetal-725x1024.jpg"},"thumbnail":{"width":150,"height":150,"mime-type":"image\/jpeg","filesize":5879,"url":"https:\/\/canalagrariolapalma.com\/aula\/wp-content\/uploads\/2024\/07\/biodiversidad-vegetal-150x150.jpg"},"medium_large":{"width":768,"height":1085,"mime-type":"image\/jpeg","filesize":111444,"url":"https:\/\/canalagrariolapalma.com\/aula\/wp-content\/uploads\/2024\/07\/biodiversidad-vegetal-768x1085.jpg"},"1536x1536":{"width":1087,"height":1536,"mime-type":"image\/jpeg","filesize":181911,"url":"https:\/\/canalagrariolapalma.com\/aula\/wp-content\/uploads\/2024\/07\/biodiversidad-vegetal-1087x1536.jpg"},"portfolio-square":{"width":570,"height":570,"mime-type":"image\/jpeg","filesize":52142,"url":"https:\/\/canalagrariolapalma.com\/aula\/wp-content\/uploads\/2024\/07\/biodiversidad-vegetal-570x570.jpg"},"portfolio-portrait":{"width":600,"height":800,"mime-type":"image\/jpeg","filesize":75765,"url":"https:\/\/canalagrariolapalma.com\/aula\/wp-content\/uploads\/2024\/07\/biodiversidad-vegetal-600x800.jpg"},"portfolio-landscape":{"width":800,"height":600,"mime-type":"image\/jpeg","filesize":65066,"url":"https:\/\/canalagrariolapalma.com\/aula\/wp-content\/uploads\/2024\/07\/biodiversidad-vegetal-800x600.jpg"},"menu-featured-post":{"width":345,"height":198,"mime-type":"image\/jpeg","filesize":13368,"url":"https:\/\/canalagrariolapalma.com\/aula\/wp-content\/uploads\/2024\/07\/biodiversidad-vegetal-345x198.jpg"},"qode-carousel_slider":{"width":400,"height":260,"mime-type":"image\/jpeg","filesize":18508,"url":"https:\/\/canalagrariolapalma.com\/aula\/wp-content\/uploads\/2024\/07\/biodiversidad-vegetal-400x260.jpg"},"portfolio_slider":{"width":500,"height":380,"mime-type":"image\/jpeg","filesize":31627,"url":"https:\/\/canalagrariolapalma.com\/aula\/wp-content\/uploads\/2024\/07\/biodiversidad-vegetal-500x380.jpg"},"portfolio_masonry_regular":{"width":500,"height":500,"mime-type":"image\/jpeg","filesize":43282,"url":"https:\/\/canalagrariolapalma.com\/aula\/wp-content\/uploads\/2024\/07\/biodiversidad-vegetal-500x500.jpg"},"portfolio_masonry_wide":{"width":1000,"height":500,"mime-type":"image\/jpeg","filesize":61895,"url":"https:\/\/canalagrariolapalma.com\/aula\/wp-content\/uploads\/2024\/07\/biodiversidad-vegetal-1000x500.jpg"},"portfolio_masonry_tall":{"width":500,"height":1000,"mime-type":"image\/jpeg","filesize":74737,"url":"https:\/\/canalagrariolapalma.com\/aula\/wp-content\/uploads\/2024\/07\/biodiversidad-vegetal-500x1000.jpg"},"portfolio_masonry_large":{"width":1000,"height":1000,"mime-type":"image\/jpeg","filesize":119083,"url":"https:\/\/canalagrariolapalma.com\/aula\/wp-content\/uploads\/2024\/07\/biodiversidad-vegetal-1000x1000.jpg"},"portfolio_masonry_with_space":{"width":700,"height":989,"mime-type":"image\/jpeg","filesize":96565,"url":"https:\/\/canalagrariolapalma.com\/aula\/wp-content\/uploads\/2024\/07\/biodiversidad-vegetal-700x989.jpg"},"latest_post_boxes":{"width":539,"height":303,"mime-type":"image\/jpeg","filesize":25953,"url":"https:\/\/canalagrariolapalma.com\/aula\/wp-content\/uploads\/2024\/07\/biodiversidad-vegetal-539x303.jpg"}}},"all_day":false,"start_date":"2024-07-18 17:00:00","start_date_details":{"year":"2024","month":"07","day":"18","hour":"17","minutes":"00","seconds":"00"},"end_date":"2024-07-18 19:30:00","end_date_details":{"year":"2024","month":"07","day":"18","hour":"19","minutes":"30","seconds":"00"},"utc_start_date":"2024-07-18 17:00:00","utc_start_date_details":{"year":"2024","month":"07","day":"18","hour":"17","minutes":"00","seconds":"00"},"utc_end_date":"2024-07-18 19:30:00","utc_end_date_details":{"year":"2024","month":"07","day":"18","hour":"19","minutes":"30","seconds":"00"},"timezone":"UTC+0","timezone_abbr":"UTC+0","cost":"","cost_details":{"currency_symbol":"","currency_code":"","currency_position":"prefix","values":[]},"website":"","show_map":true,"show_map_link":true,"hide_from_listings":false,"sticky":true,"featured":true,"categories":[{"name":"Aula 2024","slug":"aula-2024","term_group":0,"term_taxonomy_id":45,"taxonomy":"tribe_events_cat","description":"","parent":0,"count":22,"filter":"raw","id":45,"urls":{"self":"https:\/\/canalagrariolapalma.com\/aula\/wp-json\/tribe\/events\/v1\/categories\/45","collection":"https:\/\/canalagrariolapalma.com\/aula\/wp-json\/tribe\/events\/v1\/categories"}}],"tags":[],"venue":{"id":1005,"author":"1","status":"publish","date":"2022-05-31 08:56:45","date_utc":"2022-05-31 08:56:45","modified":"2022-05-31 08:56:45","modified_utc":"2022-05-31 08:56:45","url":"https:\/\/canalagrariolapalma.com\/aula\/local\/museo-arqueologico-benahorita\/","venue":"Museo Arqueol\u00f3gico Benahorita","slug":"museo-arqueologico-benahorita","address":"Calle las Adelfas","city":"Los Llanos de Aridane","country":"Espa\u00f1a","province":"Santa Cruz de Tenerife","zip":"38760","stateprovince":"Santa Cruz de Tenerife","json_ld":{"@type":"Place","name":"Museo Arqueol\u00f3gico Benahorita","description":"","url":"","address":{"@type":"PostalAddress","streetAddress":"Calle las Adelfas","addressLocality":"Los Llanos de Aridane","addressRegion":"Santa Cruz de Tenerife","postalCode":"38760","addressCountry":"Espa\u00f1a"},"telephone":"","sameAs":""},"show_map":true,"show_map_link":true,"global_id":"canalagrariolapalma.com\/aula?id=1005","global_id_lineage":["canalagrariolapalma.com\/aula?id=1005"]},"organizer":[{"id":1075,"author":"3","status":"publish","date":"2022-10-25 14:07:27","date_utc":"2022-10-25 14:07:27","modified":"2022-10-25 14:07:27","modified_utc":"2022-10-25 14:07:27","url":"https:\/\/canalagrariolapalma.com\/aula\/organizador\/fundacion-canaria-centro-internacional-de-agricultura-biologica-ciab\/","organizer":"Fundaci\u00f3n Canaria Centro Internacional de Agricultura Biol\u00f3gica, CIAB","slug":"fundacion-canaria-centro-internacional-de-agricultura-biologica-ciab","phone":"922 42 82 52","website":"https:\/\/www.fundacionciab.com\/","email":"info@fundacionciab.org","json_ld":{"@type":"Person","name":"Fundaci\u00f3n Canaria Centro Internacional de Agricultura Biol\u00f3gica, CIAB","description":"","url":"https:\/\/www.fundacionciab.com\/","telephone":"922 42 82 52","email":"&#105;&#110;&#102;&#111;&#64;fu&#110;&#100;&#97;&#99;&#105;&#111;&#110;ci&#97;b.o&#114;&#103;","sameAs":"https:\/\/www.fundacionciab.com\/"},"global_id":"canalagrariolapalma.com\/aula?id=1075","global_id_lineage":["canalagrariolapalma.com\/aula?id=1075"]}],"json_ld":{"@context":"http:\/\/schema.org","@type":"Event","name":"Jornada: Biodiversidad vegetal como herramienta para el control\u00a0de\u00a0plagas","description":"&lt;p&gt;Organizan La Fundaci\u00f3n Canaria Centro Internacional de Agricultura Biol\u00f3gica, CIAB y el Instituto Canario de Investigaciones Agrarias, ICIA&lt;\/p&gt;\\n","image":"https:\/\/canalagrariolapalma.com\/aula\/wp-content\/uploads\/2024\/07\/biodiversidad-vegetal.jpg","url":"https:\/\/canalagrariolapalma.com\/aula\/curso\/jornada-biodiversidad-vegetal-como-herramienta-para-el-control-de-plagas\/","eventAttendanceMode":"https:\/\/schema.org\/OfflineEventAttendanceMode","eventStatus":"https:\/\/schema.org\/EventScheduled","startDate":"2024-07-18T17:00:00+00:00","endDate":"2024-07-18T19:30:00+00:00","location":{"@type":"Place","name":"Museo Arqueol\u00f3gico Benahorita","description":"","url":"","address":{"@type":"PostalAddress","streetAddress":"Calle las Adelfas","addressLocality":"Los Llanos de Aridane","addressRegion":"Santa Cruz de Tenerife","postalCode":"38760","addressCountry":"Espa\u00f1a"},"telephone":"","sameAs":""},"organizer":{"@type":"Person","name":"Fundaci\u00f3n Canaria Centro Internacional de Agricultura Biol\u00f3gica, CIAB","description":"","url":"https:\/\/www.fundacionciab.com\/","telephone":"922 42 82 52","email":"in&#102;&#111;&#64;f&#117;&#110;&#100;&#97;cio&#110;c&#105;a&#98;&#46;or&#103;","sameAs":"https:\/\/www.fundacionciab.com\/"},"performer":"Organization"}}